{"id":2126,"date":"2013-04-08T18:00:17","date_gmt":"2013-04-08T17:00:17","guid":{"rendered":"http:\/\/www.pyjama-orangerie.com-maj\/blog\/?p=2126"},"modified":"2014-06-23T17:49:06","modified_gmt":"2014-06-23T16:49:06","slug":"un-beau-pyjama-pour-le-printemps","status":"publish","type":"post","link":"http:\/\/www.pyjama-orangerie.com\/blog\/les-conseils-de-lorangerie\/un-beau-pyjama-pour-le-printemps.html","title":{"rendered":"Un beau pyjama pour le printemps !"},"content":{"rendered":"<h3>Le printemps s&rsquo;est install\u00e9, il est temps d&rsquo;adopter le <a title=\"Pyjama \u00e9t\u00e9\" href=\"http:\/\/www.pyjama-orangerie.com\/19-Nouveaut%C3%A9s\"><strong>pyjama d&rsquo;\u00e9t\u00e9<\/strong><\/a>. Plus l\u00e9ger, ce pyjama permettra \u00e0 vos enfants de passer de bonnes nuits&#8230; au frais. Focus sur la nouvelle collection de pyjamas l&rsquo;Orangerie.<\/h3>\n<h4><!--more-->Nouvelle collection de pyjamas fille<\/h4>\n<p><img decoding=\"async\" loading=\"lazy\" class=\"alignright wp-image-2127 size-medium\" title=\"Nuisette femme Lucienne \" src=\"http:\/\/www.pyjama-orangerie.com\/blog\/wp-content\/uploads\/2013\/04\/nuisette-femme-lucienne-gris-fonce-300x300.jpg\" alt=\"\" width=\"300\" height=\"300\" srcset=\"http:\/\/www.pyjama-orangerie.com\/blog\/wp-content\/uploads\/2013\/04\/nuisette-femme-lucienne-gris-fonce-300x300.jpg 300w, http:\/\/www.pyjama-orangerie.com\/blog\/wp-content\/uploads\/2013\/04\/nuisette-femme-lucienne-gris-fonce-150x150.jpg 150w, http:\/\/www.pyjama-orangerie.com\/blog\/wp-content\/uploads\/2013\/04\/nuisette-femme-lucienne-gris-fonce.jpg 800w\" sizes=\"(max-width: 300px) 100vw, 300px\" \/><\/p>\n<p><strong>Pyjama court<\/strong>, <strong>nuisette<\/strong>, <strong><a title=\"Chemise de nuit fille\" href=\"http:\/\/www.pyjama-orangerie.com\/21-chemise-de-nuit-fille\">chemise de nuit<\/a><\/strong>&#8230; la nouvelle collection de <strong><a title=\"collection pyjamas fille \u00e9t\u00e9 \" href=\"http:\/\/www.pyjama-orangerie.com\/30-collection-fille-ete-2012\">pyjamas pour fille<\/a><\/strong> a fait son entr\u00e9e sur le site de l&rsquo;Orangerie. Une collection de <strong>pyjamas<\/strong> et de <strong>v\u00eatements de nuit<\/strong> en popeline 100 % coton pour garantir \u00e0 votre fille des nuits entour\u00e9e d&rsquo;une extr\u00eame douceur.<\/p>\n<p>Vous trouverez trois mod\u00e8les de <strong>pyjamas<\/strong> : le <strong>pyjashort<\/strong> compos\u00e9 d&rsquo;un tee shirt et d&rsquo;un short pour plus de libert\u00e9 de mouvement, la <strong>nuisette<\/strong> fine et l\u00e9g\u00e8re, et la traditionnelle <strong>chemise de nuit<\/strong>, id\u00e9ale pour les nuits chaudes.<br \/>\nPour les motifs, on retrouve le <strong>liberty<\/strong><strong>,<\/strong> tant appr\u00e9ci\u00e9 depuis quelques saisons, dans des couleurs douces et f\u00e9minines telles que le violet, le bleu ciel, le rose p\u00e2le.<\/p>\n<h4>Nouvelle collection de pyjamas gar\u00e7on<\/h4>\n<p><a title=\"Pyjama gar\u00e7on Ulrich\" href=\"http:\/\/www.pyjama-orangerie.com\/246-pyjacourt-garcon-ulrich-rayures-ciel.html\"><img decoding=\"async\" loading=\"lazy\" class=\"alignleft wp-image-2128 size-medium\" title=\"Pyjama gar\u00e7on Ulrich \" src=\"http:\/\/www.pyjama-orangerie.com\/blog\/wp-content\/uploads\/2013\/04\/pyjacourt-garcon-ulrich-rayures-ciel-300x300.jpg\" alt=\"\" width=\"300\" height=\"300\" srcset=\"http:\/\/www.pyjama-orangerie.com\/blog\/wp-content\/uploads\/2013\/04\/pyjacourt-garcon-ulrich-rayures-ciel-300x300.jpg 300w, http:\/\/www.pyjama-orangerie.com\/blog\/wp-content\/uploads\/2013\/04\/pyjacourt-garcon-ulrich-rayures-ciel-150x150.jpg 150w, http:\/\/www.pyjama-orangerie.com\/blog\/wp-content\/uploads\/2013\/04\/pyjacourt-garcon-ulrich-rayures-ciel.jpg 800w\" sizes=\"(max-width: 300px) 100vw, 300px\" \/><\/a>Pour les gar\u00e7ons, on trouve majoritairement des coupes courtes : des <strong>pyjashorts <\/strong>courts ou plus longs avec le <strong>bermuda<\/strong>.<br \/>\nEncore une fois, l&rsquo;Orangerie a favoris\u00e9 la popeline pour cette nouvelle collection de <strong><a title=\"Collection pyjamas gar\u00e7on \u00e9t\u00e9\" href=\"http:\/\/www.pyjama-orangerie.com\/31-collection-garcon-ete\">pyjamas pour gar\u00e7on<\/a><\/strong>. Une mati\u00e8re dans laquelle nos gar\u00e7ons peuvent s&rsquo;amuser sans se soucier de ce qu&rsquo;ils portent.<\/p>\n<p>Vous trouverez des <strong>pyjamas<\/strong> aux coupes classiques, tr\u00e8s chics pour aller dormir, et des coupes plus sportives. Pour les couleurs, on mise sur du bleu ciel, du rose p\u00e2le, du gris, du kaki.<\/p>\n<p>Quelle que soit la coupe de <strong>pyjama<\/strong> choisie, ou m\u00eame la couleur, ces nuits de printemps \u00e9t\u00e9 promettent d&rsquo;\u00eatre douces.<\/p>\n","protected":false},"excerpt":{"rendered":"<p>Le printemps s&rsquo;est install\u00e9, il est temps d&rsquo;adopter le pyjama d&rsquo;\u00e9t\u00e9. Plus l\u00e9ger, ce pyjama permettra \u00e0 vos enfants de passer de bonnes nuits&#8230; au frais. Focus sur la nouvelle collection de pyjamas l&rsquo;Orangerie.<\/p>\n","protected":false},"author":1,"featured_media":2131,"comment_status":"open","ping_status":"open","sticky":false,"template":"","format":"standard","meta":[],"categories":[7,8],"tags":[],"yoast_head":"<!-- This site is optimized with the Yoast SEO plugin v19.14 - https:\/\/yoast.com\/wordpress\/plugins\/seo\/ -->\n<title>Les conseils de l&#039;orangerie, Les v\u00eatements de nuitUn beau pyjama pour le printemps ! - L&#039;orangerie<\/title>\n<meta name=\"robots\" content=\"index, follow, max-snippet:-1, max-image-preview:large, max-video-preview:-1\" \/>\n<link rel=\"canonical\" href=\"http:\/\/www.pyjama-orangerie.com\/blog\/les-conseils-de-lorangerie\/un-beau-pyjama-pour-le-printemps.html\" \/>\n<meta property=\"og:locale\" content=\"fr_FR\" \/>\n<meta property=\"og:type\" content=\"article\" \/>\n<meta property=\"og:title\" content=\"Les conseils de l&#039;orangerie, Les v\u00eatements de nuitUn beau pyjama pour le printemps ! - L&#039;orangerie\" \/>\n<meta property=\"og:description\" content=\"Le printemps s&rsquo;est install\u00e9, il est temps d&rsquo;adopter le pyjama d&rsquo;\u00e9t\u00e9. Plus l\u00e9ger, ce pyjama permettra \u00e0 vos enfants de passer de bonnes nuits&#8230; au frais. Focus sur la nouvelle collection de pyjamas l&rsquo;Orangerie.\" \/>\n<meta property=\"og:url\" content=\"http:\/\/www.pyjama-orangerie.com\/blog\/les-conseils-de-lorangerie\/un-beau-pyjama-pour-le-printemps.html\" \/>\n<meta property=\"og:site_name\" content=\"L&#039;orangerie\" \/>\n<meta property=\"article:publisher\" content=\"https:\/\/www.facebook.com\/pyjama.lorangerie\" \/>\n<meta property=\"article:published_time\" content=\"2013-04-08T17:00:17+00:00\" \/>\n<meta property=\"article:modified_time\" content=\"2014-06-23T16:49:06+00:00\" \/>\n<meta property=\"og:image\" content=\"http:\/\/www.pyjama-orangerie.com\/blog\/wp-content\/uploads\/2013\/04\/pyjama-fille-valentine-vichy-rose.jpg\" \/>\n\t<meta property=\"og:image:width\" content=\"213\" \/>\n\t<meta property=\"og:image:height\" content=\"148\" \/>\n\t<meta property=\"og:image:type\" content=\"image\/jpeg\" \/>\n<meta name=\"author\" content=\"orangerie\" \/>\n<meta name=\"twitter:label1\" content=\"\u00c9crit par\" \/>\n\t<meta name=\"twitter:data1\" content=\"orangerie\" \/>\n\t<meta name=\"twitter:label2\" content=\"Dur\u00e9e de lecture estim\u00e9e\" \/>\n\t<meta name=\"twitter:data2\" content=\"1 minute\" \/>\n<script type=\"application\/ld+json\" class=\"yoast-schema-graph\">{\"@context\":\"https:\/\/schema.org\",\"@graph\":[{\"@type\":\"WebPage\",\"@id\":\"http:\/\/www.pyjama-orangerie.com\/blog\/les-conseils-de-lorangerie\/un-beau-pyjama-pour-le-printemps.html\",\"url\":\"http:\/\/www.pyjama-orangerie.com\/blog\/les-conseils-de-lorangerie\/un-beau-pyjama-pour-le-printemps.html\",\"name\":\"Les conseils de l'orangerie, Les v\u00eatements de nuitUn beau pyjama pour le printemps ! - L&#039;orangerie\",\"isPartOf\":{\"@id\":\"http:\/\/www.pyjama-orangerie.com\/blog\/#website\"},\"datePublished\":\"2013-04-08T17:00:17+00:00\",\"dateModified\":\"2014-06-23T16:49:06+00:00\",\"author\":{\"@id\":\"http:\/\/www.pyjama-orangerie.com\/blog\/#\/schema\/person\/50b4a948fe2a86fd6e3fd4fecad61541\"},\"breadcrumb\":{\"@id\":\"http:\/\/www.pyjama-orangerie.com\/blog\/les-conseils-de-lorangerie\/un-beau-pyjama-pour-le-printemps.html#breadcrumb\"},\"inLanguage\":\"fr-FR\",\"potentialAction\":[{\"@type\":\"ReadAction\",\"target\":[\"http:\/\/www.pyjama-orangerie.com\/blog\/les-conseils-de-lorangerie\/un-beau-pyjama-pour-le-printemps.html\"]}]},{\"@type\":\"BreadcrumbList\",\"@id\":\"http:\/\/www.pyjama-orangerie.com\/blog\/les-conseils-de-lorangerie\/un-beau-pyjama-pour-le-printemps.html#breadcrumb\",\"itemListElement\":[{\"@type\":\"ListItem\",\"position\":1,\"name\":\"Accueil\",\"item\":\"http:\/\/www.pyjama-orangerie.com\/blog\"},{\"@type\":\"ListItem\",\"position\":2,\"name\":\"Un beau pyjama pour le printemps !\"}]},{\"@type\":\"WebSite\",\"@id\":\"http:\/\/www.pyjama-orangerie.com\/blog\/#website\",\"url\":\"http:\/\/www.pyjama-orangerie.com\/blog\/\",\"name\":\"L&#039;orangerie\",\"description\":\"\",\"potentialAction\":[{\"@type\":\"SearchAction\",\"target\":{\"@type\":\"EntryPoint\",\"urlTemplate\":\"http:\/\/www.pyjama-orangerie.com\/blog\/?s={search_term_string}\"},\"query-input\":\"required name=search_term_string\"}],\"inLanguage\":\"fr-FR\"},{\"@type\":\"Person\",\"@id\":\"http:\/\/www.pyjama-orangerie.com\/blog\/#\/schema\/person\/50b4a948fe2a86fd6e3fd4fecad61541\",\"name\":\"orangerie\",\"image\":{\"@type\":\"ImageObject\",\"inLanguage\":\"fr-FR\",\"@id\":\"http:\/\/www.pyjama-orangerie.com\/blog\/#\/schema\/person\/image\/\",\"url\":\"http:\/\/1.gravatar.com\/avatar\/747a5f77af8a68bfaf18cacec62dfab3?s=96&d=mm&r=g\",\"contentUrl\":\"http:\/\/1.gravatar.com\/avatar\/747a5f77af8a68bfaf18cacec62dfab3?s=96&d=mm&r=g\",\"caption\":\"orangerie\"},\"url\":\"http:\/\/www.pyjama-orangerie.com\/blog\/author\/gonzo\"}]}<\/script>\n<!-- \/ Yoast SEO plugin. -->","yoast_head_json":{"title":"Les conseils de l'orangerie, Les v\u00eatements de nuitUn beau pyjama pour le printemps ! - L&#039;orangerie","robots":{"index":"index","follow":"follow","max-snippet":"max-snippet:-1","max-image-preview":"max-image-preview:large","max-video-preview":"max-video-preview:-1"},"canonical":"http:\/\/www.pyjama-orangerie.com\/blog\/les-conseils-de-lorangerie\/un-beau-pyjama-pour-le-printemps.html","og_locale":"fr_FR","og_type":"article","og_title":"Les conseils de l'orangerie, Les v\u00eatements de nuitUn beau pyjama pour le printemps ! - L&#039;orangerie","og_description":"Le printemps s&rsquo;est install\u00e9, il est temps d&rsquo;adopter le pyjama d&rsquo;\u00e9t\u00e9. Plus l\u00e9ger, ce pyjama permettra \u00e0 vos enfants de passer de bonnes nuits&#8230; au frais. Focus sur la nouvelle collection de pyjamas l&rsquo;Orangerie.","og_url":"http:\/\/www.pyjama-orangerie.com\/blog\/les-conseils-de-lorangerie\/un-beau-pyjama-pour-le-printemps.html","og_site_name":"L&#039;orangerie","article_publisher":"https:\/\/www.facebook.com\/pyjama.lorangerie","article_published_time":"2013-04-08T17:00:17+00:00","article_modified_time":"2014-06-23T16:49:06+00:00","og_image":[{"width":"213","height":"148","url":"http:\/\/www.pyjama-orangerie.com\/blog\/wp-content\/uploads\/2013\/04\/pyjama-fille-valentine-vichy-rose.jpg","type":"image\/jpeg"}],"author":"orangerie","twitter_misc":{"\u00c9crit par":"orangerie","Dur\u00e9e de lecture estim\u00e9e":"1 minute"},"schema":{"@context":"https:\/\/schema.org","@graph":[{"@type":"WebPage","@id":"http:\/\/www.pyjama-orangerie.com\/blog\/les-conseils-de-lorangerie\/un-beau-pyjama-pour-le-printemps.html","url":"http:\/\/www.pyjama-orangerie.com\/blog\/les-conseils-de-lorangerie\/un-beau-pyjama-pour-le-printemps.html","name":"Les conseils de l'orangerie, Les v\u00eatements de nuitUn beau pyjama pour le printemps ! - L&#039;orangerie","isPartOf":{"@id":"http:\/\/www.pyjama-orangerie.com\/blog\/#website"},"datePublished":"2013-04-08T17:00:17+00:00","dateModified":"2014-06-23T16:49:06+00:00","author":{"@id":"http:\/\/www.pyjama-orangerie.com\/blog\/#\/schema\/person\/50b4a948fe2a86fd6e3fd4fecad61541"},"breadcrumb":{"@id":"http:\/\/www.pyjama-orangerie.com\/blog\/les-conseils-de-lorangerie\/un-beau-pyjama-pour-le-printemps.html#breadcrumb"},"inLanguage":"fr-FR","potentialAction":[{"@type":"ReadAction","target":["http:\/\/www.pyjama-orangerie.com\/blog\/les-conseils-de-lorangerie\/un-beau-pyjama-pour-le-printemps.html"]}]},{"@type":"BreadcrumbList","@id":"http:\/\/www.pyjama-orangerie.com\/blog\/les-conseils-de-lorangerie\/un-beau-pyjama-pour-le-printemps.html#breadcrumb","itemListElement":[{"@type":"ListItem","position":1,"name":"Accueil","item":"http:\/\/www.pyjama-orangerie.com\/blog"},{"@type":"ListItem","position":2,"name":"Un beau pyjama pour le printemps !"}]},{"@type":"WebSite","@id":"http:\/\/www.pyjama-orangerie.com\/blog\/#website","url":"http:\/\/www.pyjama-orangerie.com\/blog\/","name":"L&#039;orangerie","description":"","potentialAction":[{"@type":"SearchAction","target":{"@type":"EntryPoint","urlTemplate":"http:\/\/www.pyjama-orangerie.com\/blog\/?s={search_term_string}"},"query-input":"required name=search_term_string"}],"inLanguage":"fr-FR"},{"@type":"Person","@id":"http:\/\/www.pyjama-orangerie.com\/blog\/#\/schema\/person\/50b4a948fe2a86fd6e3fd4fecad61541","name":"orangerie","image":{"@type":"ImageObject","inLanguage":"fr-FR","@id":"http:\/\/www.pyjama-orangerie.com\/blog\/#\/schema\/person\/image\/","url":"http:\/\/1.gravatar.com\/avatar\/747a5f77af8a68bfaf18cacec62dfab3?s=96&d=mm&r=g","contentUrl":"http:\/\/1.gravatar.com\/avatar\/747a5f77af8a68bfaf18cacec62dfab3?s=96&d=mm&r=g","caption":"orangerie"},"url":"http:\/\/www.pyjama-orangerie.com\/blog\/author\/gonzo"}]}},"_links":{"self":[{"href":"http:\/\/www.pyjama-orangerie.com\/blog\/wp-json\/wp\/v2\/posts\/2126"}],"collection":[{"href":"http:\/\/www.pyjama-orangerie.com\/blog\/wp-json\/wp\/v2\/posts"}],"about":[{"href":"http:\/\/www.pyjama-orangerie.com\/blog\/wp-json\/wp\/v2\/types\/post"}],"author":[{"embeddable":true,"href":"http:\/\/www.pyjama-orangerie.com\/blog\/wp-json\/wp\/v2\/users\/1"}],"replies":[{"embeddable":true,"href":"http:\/\/www.pyjama-orangerie.com\/blog\/wp-json\/wp\/v2\/comments?post=2126"}],"version-history":[{"count":7,"href":"http:\/\/www.pyjama-orangerie.com\/blog\/wp-json\/wp\/v2\/posts\/2126\/revisions"}],"predecessor-version":[{"id":2624,"href":"http:\/\/www.pyjama-orangerie.com\/blog\/wp-json\/wp\/v2\/posts\/2126\/revisions\/2624"}],"wp:featuredmedia":[{"embeddable":true,"href":"http:\/\/www.pyjama-orangerie.com\/blog\/wp-json\/wp\/v2\/media\/2131"}],"wp:attachment":[{"href":"http:\/\/www.pyjama-orangerie.com\/blog\/wp-json\/wp\/v2\/media?parent=2126"}],"wp:term":[{"taxonomy":"category","embeddable":true,"href":"http:\/\/www.pyjama-orangerie.com\/blog\/wp-json\/wp\/v2\/categories?post=2126"},{"taxonomy":"post_tag","embeddable":true,"href":"http:\/\/www.pyjama-orangerie.com\/blog\/wp-json\/wp\/v2\/tags?post=2126"}],"curies":[{"name":"wp","href":"https:\/\/api.w.org\/{rel}","templated":true}]}}