{"id":2308,"date":"2013-11-14T20:10:23","date_gmt":"2013-11-14T19:10:23","guid":{"rendered":"http:\/\/www.pyjama-orangerie.com-maj\/blog\/?p=2308"},"modified":"2014-06-23T10:12:20","modified_gmt":"2014-06-23T09:12:20","slug":"la-boutique-ephemere-paris","status":"publish","type":"post","link":"http:\/\/www.pyjama-orangerie.com\/blog\/lesprit-orangerie\/presse\/la-boutique-ephemere-paris.html","title":{"rendered":"La Boutique Eph\u00e9m\u00e8re &#8211; Paris"},"content":{"rendered":"<div><img decoding=\"async\" loading=\"lazy\" class=\"alignnone wp-image-2311 size-full\" title=\"Boutique L'Orangerie Le Mag\" src=\"http:\/\/www.pyjama-orangerie.com\/blog\/wp-content\/uploads\/2013\/11\/Boutique-LOrangerie-Le-Mag.jpg\" alt=\"\" width=\"607\" height=\"567\" srcset=\"http:\/\/www.pyjama-orangerie.com\/blog\/wp-content\/uploads\/2013\/11\/Boutique-LOrangerie-Le-Mag.jpg 607w, http:\/\/www.pyjama-orangerie.com\/blog\/wp-content\/uploads\/2013\/11\/Boutique-LOrangerie-Le-Mag-300x280.jpg 300w\" sizes=\"(max-width: 607px) 100vw, 607px\" \/><\/div>\n<p>&nbsp;<\/p>\n<div id=\"_mcePaste\">Venez vite d\u00e9couvrir nos produits et nous rencontrer du Mardi au Samedi \u00a0de 11h00 \u00e0 19h00<\/div>\n<div id=\"_mcePaste\">A bient\u00f4t,<\/div>\n<div id=\"_mcePaste\">Victoire<\/div>\n","protected":false},"excerpt":{"rendered":"<p>&nbsp; Venez vite d\u00e9couvrir nos produits et nous rencontrer du Mardi au Samedi \u00a0de 11h00 \u00e0 19h00 A bient\u00f4t, Victoire<\/p>\n","protected":false},"author":1,"featured_media":0,"comment_status":"open","ping_status":"closed","sticky":false,"template":"","format":"standard","meta":[],"categories":[4],"tags":[],"yoast_head":"<!-- This site is optimized with the Yoast SEO plugin v19.14 - https:\/\/yoast.com\/wordpress\/plugins\/seo\/ -->\n<title>PresseLa Boutique Eph\u00e9m\u00e8re - Paris - L&#039;orangerie<\/title>\n<meta name=\"robots\" content=\"index, follow, max-snippet:-1, max-image-preview:large, max-video-preview:-1\" \/>\n<link rel=\"canonical\" href=\"http:\/\/www.pyjama-orangerie.com\/blog\/lesprit-orangerie\/presse\/la-boutique-ephemere-paris.html\" \/>\n<meta property=\"og:locale\" content=\"fr_FR\" \/>\n<meta property=\"og:type\" content=\"article\" \/>\n<meta property=\"og:title\" content=\"PresseLa Boutique Eph\u00e9m\u00e8re - Paris - L&#039;orangerie\" \/>\n<meta property=\"og:description\" content=\"&nbsp; Venez vite d\u00e9couvrir nos produits et nous rencontrer du Mardi au Samedi \u00a0de 11h00 \u00e0 19h00 A bient\u00f4t, Victoire\" \/>\n<meta property=\"og:url\" content=\"http:\/\/www.pyjama-orangerie.com\/blog\/lesprit-orangerie\/presse\/la-boutique-ephemere-paris.html\" \/>\n<meta property=\"og:site_name\" content=\"L&#039;orangerie\" \/>\n<meta property=\"article:publisher\" content=\"https:\/\/www.facebook.com\/pyjama.lorangerie\" \/>\n<meta property=\"article:published_time\" content=\"2013-11-14T19:10:23+00:00\" \/>\n<meta property=\"article:modified_time\" content=\"2014-06-23T09:12:20+00:00\" \/>\n<meta property=\"og:image\" content=\"http:\/\/www.pyjama-orangerie.com\/blog\/wp-content\/uploads\/2013\/11\/Boutique-LOrangerie-Le-Mag.jpg\" \/>\n<meta name=\"author\" content=\"orangerie\" \/>\n<meta name=\"twitter:label1\" content=\"\u00c9crit par\" \/>\n\t<meta name=\"twitter:data1\" content=\"orangerie\" \/>\n<script type=\"application\/ld+json\" class=\"yoast-schema-graph\">{\"@context\":\"https:\/\/schema.org\",\"@graph\":[{\"@type\":\"WebPage\",\"@id\":\"http:\/\/www.pyjama-orangerie.com\/blog\/lesprit-orangerie\/presse\/la-boutique-ephemere-paris.html\",\"url\":\"http:\/\/www.pyjama-orangerie.com\/blog\/lesprit-orangerie\/presse\/la-boutique-ephemere-paris.html\",\"name\":\"PresseLa Boutique Eph\u00e9m\u00e8re - Paris - L&#039;orangerie\",\"isPartOf\":{\"@id\":\"http:\/\/www.pyjama-orangerie.com\/blog\/#website\"},\"datePublished\":\"2013-11-14T19:10:23+00:00\",\"dateModified\":\"2014-06-23T09:12:20+00:00\",\"author\":{\"@id\":\"http:\/\/www.pyjama-orangerie.com\/blog\/#\/schema\/person\/50b4a948fe2a86fd6e3fd4fecad61541\"},\"breadcrumb\":{\"@id\":\"http:\/\/www.pyjama-orangerie.com\/blog\/lesprit-orangerie\/presse\/la-boutique-ephemere-paris.html#breadcrumb\"},\"inLanguage\":\"fr-FR\",\"potentialAction\":[{\"@type\":\"ReadAction\",\"target\":[\"http:\/\/www.pyjama-orangerie.com\/blog\/lesprit-orangerie\/presse\/la-boutique-ephemere-paris.html\"]}]},{\"@type\":\"BreadcrumbList\",\"@id\":\"http:\/\/www.pyjama-orangerie.com\/blog\/lesprit-orangerie\/presse\/la-boutique-ephemere-paris.html#breadcrumb\",\"itemListElement\":[{\"@type\":\"ListItem\",\"position\":1,\"name\":\"Accueil\",\"item\":\"http:\/\/www.pyjama-orangerie.com\/blog\"},{\"@type\":\"ListItem\",\"position\":2,\"name\":\"La Boutique Eph\u00e9m\u00e8re &#8211; Paris\"}]},{\"@type\":\"WebSite\",\"@id\":\"http:\/\/www.pyjama-orangerie.com\/blog\/#website\",\"url\":\"http:\/\/www.pyjama-orangerie.com\/blog\/\",\"name\":\"L&#039;orangerie\",\"description\":\"\",\"potentialAction\":[{\"@type\":\"SearchAction\",\"target\":{\"@type\":\"EntryPoint\",\"urlTemplate\":\"http:\/\/www.pyjama-orangerie.com\/blog\/?s={search_term_string}\"},\"query-input\":\"required name=search_term_string\"}],\"inLanguage\":\"fr-FR\"},{\"@type\":\"Person\",\"@id\":\"http:\/\/www.pyjama-orangerie.com\/blog\/#\/schema\/person\/50b4a948fe2a86fd6e3fd4fecad61541\",\"name\":\"orangerie\",\"image\":{\"@type\":\"ImageObject\",\"inLanguage\":\"fr-FR\",\"@id\":\"http:\/\/www.pyjama-orangerie.com\/blog\/#\/schema\/person\/image\/\",\"url\":\"http:\/\/1.gravatar.com\/avatar\/747a5f77af8a68bfaf18cacec62dfab3?s=96&d=mm&r=g\",\"contentUrl\":\"http:\/\/1.gravatar.com\/avatar\/747a5f77af8a68bfaf18cacec62dfab3?s=96&d=mm&r=g\",\"caption\":\"orangerie\"},\"url\":\"http:\/\/www.pyjama-orangerie.com\/blog\/author\/gonzo\"}]}<\/script>\n<!-- \/ Yoast SEO plugin. -->","yoast_head_json":{"title":"PresseLa Boutique Eph\u00e9m\u00e8re - Paris - L&#039;orangerie","robots":{"index":"index","follow":"follow","max-snippet":"max-snippet:-1","max-image-preview":"max-image-preview:large","max-video-preview":"max-video-preview:-1"},"canonical":"http:\/\/www.pyjama-orangerie.com\/blog\/lesprit-orangerie\/presse\/la-boutique-ephemere-paris.html","og_locale":"fr_FR","og_type":"article","og_title":"PresseLa Boutique Eph\u00e9m\u00e8re - Paris - L&#039;orangerie","og_description":"&nbsp; Venez vite d\u00e9couvrir nos produits et nous rencontrer du Mardi au Samedi \u00a0de 11h00 \u00e0 19h00 A bient\u00f4t, Victoire","og_url":"http:\/\/www.pyjama-orangerie.com\/blog\/lesprit-orangerie\/presse\/la-boutique-ephemere-paris.html","og_site_name":"L&#039;orangerie","article_publisher":"https:\/\/www.facebook.com\/pyjama.lorangerie","article_published_time":"2013-11-14T19:10:23+00:00","article_modified_time":"2014-06-23T09:12:20+00:00","og_image":[{"url":"http:\/\/www.pyjama-orangerie.com\/blog\/wp-content\/uploads\/2013\/11\/Boutique-LOrangerie-Le-Mag.jpg"}],"author":"orangerie","twitter_misc":{"\u00c9crit par":"orangerie"},"schema":{"@context":"https:\/\/schema.org","@graph":[{"@type":"WebPage","@id":"http:\/\/www.pyjama-orangerie.com\/blog\/lesprit-orangerie\/presse\/la-boutique-ephemere-paris.html","url":"http:\/\/www.pyjama-orangerie.com\/blog\/lesprit-orangerie\/presse\/la-boutique-ephemere-paris.html","name":"PresseLa Boutique Eph\u00e9m\u00e8re - Paris - L&#039;orangerie","isPartOf":{"@id":"http:\/\/www.pyjama-orangerie.com\/blog\/#website"},"datePublished":"2013-11-14T19:10:23+00:00","dateModified":"2014-06-23T09:12:20+00:00","author":{"@id":"http:\/\/www.pyjama-orangerie.com\/blog\/#\/schema\/person\/50b4a948fe2a86fd6e3fd4fecad61541"},"breadcrumb":{"@id":"http:\/\/www.pyjama-orangerie.com\/blog\/lesprit-orangerie\/presse\/la-boutique-ephemere-paris.html#breadcrumb"},"inLanguage":"fr-FR","potentialAction":[{"@type":"ReadAction","target":["http:\/\/www.pyjama-orangerie.com\/blog\/lesprit-orangerie\/presse\/la-boutique-ephemere-paris.html"]}]},{"@type":"BreadcrumbList","@id":"http:\/\/www.pyjama-orangerie.com\/blog\/lesprit-orangerie\/presse\/la-boutique-ephemere-paris.html#breadcrumb","itemListElement":[{"@type":"ListItem","position":1,"name":"Accueil","item":"http:\/\/www.pyjama-orangerie.com\/blog"},{"@type":"ListItem","position":2,"name":"La Boutique Eph\u00e9m\u00e8re &#8211; Paris"}]},{"@type":"WebSite","@id":"http:\/\/www.pyjama-orangerie.com\/blog\/#website","url":"http:\/\/www.pyjama-orangerie.com\/blog\/","name":"L&#039;orangerie","description":"","potentialAction":[{"@type":"SearchAction","target":{"@type":"EntryPoint","urlTemplate":"http:\/\/www.pyjama-orangerie.com\/blog\/?s={search_term_string}"},"query-input":"required name=search_term_string"}],"inLanguage":"fr-FR"},{"@type":"Person","@id":"http:\/\/www.pyjama-orangerie.com\/blog\/#\/schema\/person\/50b4a948fe2a86fd6e3fd4fecad61541","name":"orangerie","image":{"@type":"ImageObject","inLanguage":"fr-FR","@id":"http:\/\/www.pyjama-orangerie.com\/blog\/#\/schema\/person\/image\/","url":"http:\/\/1.gravatar.com\/avatar\/747a5f77af8a68bfaf18cacec62dfab3?s=96&d=mm&r=g","contentUrl":"http:\/\/1.gravatar.com\/avatar\/747a5f77af8a68bfaf18cacec62dfab3?s=96&d=mm&r=g","caption":"orangerie"},"url":"http:\/\/www.pyjama-orangerie.com\/blog\/author\/gonzo"}]}},"_links":{"self":[{"href":"http:\/\/www.pyjama-orangerie.com\/blog\/wp-json\/wp\/v2\/posts\/2308"}],"collection":[{"href":"http:\/\/www.pyjama-orangerie.com\/blog\/wp-json\/wp\/v2\/posts"}],"about":[{"href":"http:\/\/www.pyjama-orangerie.com\/blog\/wp-json\/wp\/v2\/types\/post"}],"author":[{"embeddable":true,"href":"http:\/\/www.pyjama-orangerie.com\/blog\/wp-json\/wp\/v2\/users\/1"}],"replies":[{"embeddable":true,"href":"http:\/\/www.pyjama-orangerie.com\/blog\/wp-json\/wp\/v2\/comments?post=2308"}],"version-history":[{"count":14,"href":"http:\/\/www.pyjama-orangerie.com\/blog\/wp-json\/wp\/v2\/posts\/2308\/revisions"}],"predecessor-version":[{"id":2614,"href":"http:\/\/www.pyjama-orangerie.com\/blog\/wp-json\/wp\/v2\/posts\/2308\/revisions\/2614"}],"wp:attachment":[{"href":"http:\/\/www.pyjama-orangerie.com\/blog\/wp-json\/wp\/v2\/media?parent=2308"}],"wp:term":[{"taxonomy":"category","embeddable":true,"href":"http:\/\/www.pyjama-orangerie.com\/blog\/wp-json\/wp\/v2\/categories?post=2308"},{"taxonomy":"post_tag","embeddable":true,"href":"http:\/\/www.pyjama-orangerie.com\/blog\/wp-json\/wp\/v2\/tags?post=2308"}],"curies":[{"name":"wp","href":"https:\/\/api.w.org\/{rel}","templated":true}]}}