{"id":2667,"date":"2015-11-06T19:31:09","date_gmt":"2015-11-06T18:31:09","guid":{"rendered":"http:\/\/www.pyjama-orangerie.com\/blog\/?p=2667"},"modified":"2015-11-11T10:01:55","modified_gmt":"2015-11-11T09:01:55","slug":"la-collection-de-pyjamas-pere-fils","status":"publish","type":"post","link":"https:\/\/www.pyjama-orangerie.com\/blog\/lesprit-orangerie\/produits\/la-collection-de-pyjamas-pere-fils.html","title":{"rendered":"La collection de pyjamas P\u00e8re \/ Fils"},"content":{"rendered":"<h2><em><strong>Historique de ces pyjamas<\/strong><\/em><\/h2>\n<p>Cette collection r\u00e9unit les mod\u00e8les de <strong>pyjamas<\/strong> identiques <strong>pour hommes<\/strong> et <strong>gar\u00e7ons<\/strong>. Cette demande venait \u00e0 l&rsquo;origine de notre r\u00e9seau d&rsquo;h\u00f4tesses lors des ventes \u00e0 domicile et devant le succ\u00e8s rencontr\u00e9 par ces produits, nous avons peu \u00e0 peu \u00e9largi la gamme&#8230;<\/p>\n<h2><em><strong><a title=\"Pyjamas assorties pour hommes et gar\u00e7ons\" href=\"http:\/\/http:\/\/www.pyjama-orangerie.com\/fr\/42-collection-pere-fils\">La gamme de pyjama homme et gar\u00e7on<\/a><\/strong><\/em><\/h2>\n<ul>\n<li>\n<h3><a href=\"http:\/\/www.pyjama-orangerie.com\/fr\/42-collection-pere-fils#s[5][]:&amp;s[6][]:60&amp;s[7][]:&amp;s[8][]:&amp;s[9][]:68&amp;s[10][]:&amp;s[11][]:&amp;s[13][]:&amp;s[12][]:&amp;s[3][]:4&amp;ash[3][]:4&amp;rg:&amp;sid:2&amp;h:leftColumn&amp;ics:42&amp;abs:YToxOntpOjA7aTo0O30:\">Pyjama long avec T-Shirt<\/a> : \u00a0Gonzague Sr \/ Jr<\/h3>\n<\/li>\n<\/ul>\n<p><a href=\"http:\/\/www.pyjama-orangerie.com\/blog\/wp-content\/uploads\/2015\/11\/pyjama-long-homme-gar\u00e7on.jpg\"><img decoding=\"async\" loading=\"lazy\" class=\"alignnone size-full wp-image-2669\" src=\"http:\/\/www.pyjama-orangerie.com\/blog\/wp-content\/uploads\/2015\/11\/pyjama-long-homme-gar\u00e7on.jpg\" alt=\"pyjama long homme gar\u00e7on\" width=\"166\" height=\"242\" \/><\/a><\/p>\n<p>Ce \u00a0pyjama\u00a0enfant se d\u00e9cline du 2 ans au 14 ans et du S au XXL pour la version Homme. Il associe un pantalon long en coton tiss\u00e9 avec un T-Shirt d&rsquo;excellente qualit\u00e9 180gr\/m\u00b2 (la maille jersey pour les T-Shirt est g\u00e9n\u00e9ralement autour de 125gr\/m\u00b2). Ce haut en jersey su\u00e9d\u00e9 est manches longues avec des broderies soit sur le devant ou dans le dos. On le trouve aussi souvent avec des coudi\u00e8res dans le m\u00eame tissu que le pantalon.<\/p>\n<p>&nbsp;<\/p>\n<p>&nbsp;<\/p>\n<p><!--more--><\/p>\n<p>&nbsp;<\/p>\n<ul>\n<li>\n<h3><a title=\"Pyjama court pour homme et gar\u00e7on\" href=\"http:\/\/www.pyjama-orangerie.com\/fr\/42-collection-pere-fils?id_category=42&amp;n=22#s[5][]:&amp;s[6][]:59&amp;s[7][]:&amp;s[8][]:&amp;s[9][]:68&amp;s[10][]:&amp;s[11][]:&amp;s[13][]:&amp;s[12][]:&amp;s[3][]:4&amp;ash[3][]:4&amp;rg:&amp;sid:2&amp;h:leftColumn&amp;ics:42&amp;abs:YToxOntpOjA7aTo0O30:&amp;n:22\">Pyjama court avec T-Shirt<\/a>\u00a0: \u00a0S\u00e9nior \/ Junior<\/h3>\n<\/li>\n<\/ul>\n<p><a href=\"http:\/\/www.pyjama-orangerie.com\/blog\/wp-content\/uploads\/2015\/11\/pyjama-court-homme-gar\u00e7on-720x480.jpg\"><img decoding=\"async\" loading=\"lazy\" class=\"alignnone size-medium wp-image-2670\" src=\"http:\/\/www.pyjama-orangerie.com\/blog\/wp-content\/uploads\/2015\/11\/pyjama-court-homme-gar\u00e7on-720x480-300x200.jpg\" alt=\"pyjama court homme gar\u00e7on (720x480)\" width=\"300\" height=\"200\" srcset=\"https:\/\/www.pyjama-orangerie.com\/blog\/wp-content\/uploads\/2015\/11\/pyjama-court-homme-gar\u00e7on-720x480-300x200.jpg 300w, https:\/\/www.pyjama-orangerie.com\/blog\/wp-content\/uploads\/2015\/11\/pyjama-court-homme-gar\u00e7on-720x480-624x416.jpg 624w, https:\/\/www.pyjama-orangerie.com\/blog\/wp-content\/uploads\/2015\/11\/pyjama-court-homme-gar\u00e7on-720x480.jpg 720w\" sizes=\"(max-width: 300px) 100vw, 300px\" \/><\/a><\/p>\n<p>C&rsquo;est donc la version courte du Gonzague pour l&rsquo;\u00e9t\u00e9 ! A vous de choisir la longueur&#8230;<\/p>\n<p>Choisir par exemple une Taille M pour un homme avec une stature de 175cm et qui porte du 38 ou 40 en pantalon<\/p>\n<p>Chez le gar\u00e7on, une taille de pyjama 10 ans correspond \u00e0 un enfant de 11 ans \u00e0 13 ans avec une stature autour de 138cm. Le 12 ans convient \u00e0 une stature de 150cm<\/p>\n<p>Consultez le <a title=\"Guide des tailles pour les pyjamas L'Orangerie\" href=\"http:\/\/www.pyjama-orangerie.com\/fr\/content\/7-guide-des-tailles\">Guide des tailles<\/a><\/p>\n<ul>\n<li>\n<h3>\u00a0<a title=\"Pyjamas longs assortis pour hommes et gar\u00e7ons L'Orangerie\" href=\"http:\/\/www.pyjama-orangerie.com\/fr\/42-collection-pere-fils#s[5][]:&amp;s[6][]:60&amp;s[7][]:&amp;s[8][]:&amp;s[9][]:69&amp;s[10][]:&amp;s[11][]:&amp;s[13][]:&amp;s[12][]:&amp;s[3][]:4&amp;ash[3][]:4&amp;rg:&amp;sid:2&amp;h:leftColumn&amp;ics:42&amp;abs:YToxOntpOjA7aTo0O30:\">Pyjama Long forme classique<\/a> : Harry et Romeo<\/h3>\n<\/li>\n<\/ul>\n<p><a href=\"http:\/\/www.pyjama-orangerie.com\/blog\/wp-content\/uploads\/2015\/11\/pyjama-long-classique-homme-gar\u00e7on-800x533.jpg\"><img decoding=\"async\" loading=\"lazy\" class=\"alignnone size-medium wp-image-2677\" src=\"http:\/\/www.pyjama-orangerie.com\/blog\/wp-content\/uploads\/2015\/11\/pyjama-long-classique-homme-gar\u00e7on-800x533-300x199.jpg\" alt=\"pyjama long classique homme gar\u00e7on (800x533)\" width=\"300\" height=\"199\" srcset=\"https:\/\/www.pyjama-orangerie.com\/blog\/wp-content\/uploads\/2015\/11\/pyjama-long-classique-homme-gar\u00e7on-800x533-300x199.jpg 300w, https:\/\/www.pyjama-orangerie.com\/blog\/wp-content\/uploads\/2015\/11\/pyjama-long-classique-homme-gar\u00e7on-800x533-624x415.jpg 624w, https:\/\/www.pyjama-orangerie.com\/blog\/wp-content\/uploads\/2015\/11\/pyjama-long-classique-homme-gar\u00e7on-800x533.jpg 800w\" sizes=\"(max-width: 300px) 100vw, 300px\" \/><\/a><\/p>\n<p>Pyjama classique mais pas sage pour autant ! L&rsquo;Orangerie a revisit\u00e9 ce mod\u00e8le en ajoutant des broderies contrast\u00e9s dans le dos pour un look plus moderne qui convient au papa et \u00e0 ses fils !<\/p>\n<p>Voir par exemple une illustration de broderie dans la fiche produit de ce <a title=\"Pyjama gar\u00e7on 10 ans romeo\" href=\"http:\/\/www.pyjama-orangerie.com\/fr\/pyjama-garcon\/597-pyjama-garcon-romeo-blanc-rayure-ciel.html\">pyjama enfant gar\u00e7on<\/a><\/p>\n<p>&nbsp;<\/p>\n<p>&nbsp;<\/p>\n<ul>\n<li>\n<h3><a title=\"pyjamas homme gar\u00e7on\" href=\"http:\/\/www.pyjama-orangerie.com\/fr\/42-collection-pere-fils#s[5][]:&amp;s[6][]:59&amp;s[7][]:&amp;s[8][]:&amp;s[9][]:69&amp;s[10][]:&amp;s[11][]:&amp;s[13][]:&amp;s[12][]:&amp;s[3][]:4&amp;ash[3][]:4&amp;rg:&amp;sid:2&amp;h:leftColumn&amp;ics:42&amp;abs:YToxOntpOjA7aTo0O30:\">Pyjama court forme classique<\/a> : Jules et Ulrich<\/h3>\n<\/li>\n<\/ul>\n<p>Idem \u00e0 ci-dessus en version pyjama homme court et gar\u00e7on court<\/p>\n<p>Disponible \u00e0 partir du 2 ans, en 4 ans, 6 ans, 8ans, 10 ans, 12 ans, 14 ans<\/p>\n<p>Les ado prendront soit un 14 ans si leur stature est de 162 cm ou du S en mod\u00e8le homme.<\/p>\n<p>&nbsp;<\/p>\n<h2><em><strong>A vous de choisir la forme de pyjama qui vous convient&#8230;<\/strong><\/em><\/h2>\n<p>Cette gamme est bien \u00e9videmment une excellente id\u00e9e pour les cadeaux de No\u00ebl ou pour la f\u00eate des p\u00e8res&#8230; Les enfants adorent \u00eatre habill\u00e9s comme les grands !<\/p>\n<p>A d\u00e9couvrir d&rsquo;ailleurs la collection de mod\u00e8les de <a title=\"collection de pyjamas assortis pour Femme et Fille L'Orangerie\" href=\"http:\/\/www.pyjama-orangerie.com\/fr\/47-collection-mere-fille\">pyjamas assortis pour femme et fille<\/a><\/p>\n","protected":false},"excerpt":{"rendered":"<p>Historique de ces pyjamas Cette collection r\u00e9unit les mod\u00e8les de pyjamas identiques pour hommes et gar\u00e7ons. Cette demande venait \u00e0 l&rsquo;origine de notre r\u00e9seau d&rsquo;h\u00f4tesses lors des ventes \u00e0 domicile et devant le succ\u00e8s rencontr\u00e9 par ces produits, nous avons peu \u00e0 peu \u00e9largi la gamme&#8230; La gamme de pyjama homme et gar\u00e7on Pyjama long [&hellip;]<\/p>\n","protected":false},"author":2,"featured_media":0,"comment_status":"open","ping_status":"open","sticky":false,"template":"","format":"standard","meta":[],"categories":[13],"tags":[],"yoast_head":"<!-- This site is optimized with the Yoast SEO plugin v19.14 - https:\/\/yoast.com\/wordpress\/plugins\/seo\/ -->\n<title>Les produitsLa collection de pyjamas P\u00e8re \/ Fils - L&#039;orangerie<\/title>\n<meta name=\"robots\" content=\"index, follow, max-snippet:-1, max-image-preview:large, max-video-preview:-1\" \/>\n<link rel=\"canonical\" href=\"https:\/\/www.pyjama-orangerie.com\/blog\/lesprit-orangerie\/produits\/la-collection-de-pyjamas-pere-fils.html\" \/>\n<meta property=\"og:locale\" content=\"fr_FR\" \/>\n<meta property=\"og:type\" content=\"article\" \/>\n<meta property=\"og:title\" content=\"Les produitsLa collection de pyjamas P\u00e8re \/ Fils - L&#039;orangerie\" \/>\n<meta property=\"og:description\" content=\"Historique de ces pyjamas Cette collection r\u00e9unit les mod\u00e8les de pyjamas identiques pour hommes et gar\u00e7ons. Cette demande venait \u00e0 l&rsquo;origine de notre r\u00e9seau d&rsquo;h\u00f4tesses lors des ventes \u00e0 domicile et devant le succ\u00e8s rencontr\u00e9 par ces produits, nous avons peu \u00e0 peu \u00e9largi la gamme&#8230; La gamme de pyjama homme et gar\u00e7on Pyjama long [&hellip;]\" \/>\n<meta property=\"og:url\" content=\"https:\/\/www.pyjama-orangerie.com\/blog\/lesprit-orangerie\/produits\/la-collection-de-pyjamas-pere-fils.html\" \/>\n<meta property=\"og:site_name\" content=\"L&#039;orangerie\" \/>\n<meta property=\"article:publisher\" content=\"https:\/\/www.facebook.com\/pyjama.lorangerie\" \/>\n<meta property=\"article:published_time\" content=\"2015-11-06T18:31:09+00:00\" \/>\n<meta property=\"article:modified_time\" content=\"2015-11-11T09:01:55+00:00\" \/>\n<meta name=\"author\" content=\"orangerie\" \/>\n<meta name=\"twitter:label1\" content=\"\u00c9crit par\" \/>\n\t<meta name=\"twitter:data1\" content=\"orangerie\" \/>\n\t<meta name=\"twitter:label2\" content=\"Dur\u00e9e de lecture estim\u00e9e\" \/>\n\t<meta name=\"twitter:data2\" content=\"2 minutes\" \/>\n<script type=\"application\/ld+json\" class=\"yoast-schema-graph\">{\"@context\":\"https:\/\/schema.org\",\"@graph\":[{\"@type\":\"WebPage\",\"@id\":\"https:\/\/www.pyjama-orangerie.com\/blog\/lesprit-orangerie\/produits\/la-collection-de-pyjamas-pere-fils.html\",\"url\":\"https:\/\/www.pyjama-orangerie.com\/blog\/lesprit-orangerie\/produits\/la-collection-de-pyjamas-pere-fils.html\",\"name\":\"Les produitsLa collection de pyjamas P\u00e8re \/ Fils - L&#039;orangerie\",\"isPartOf\":{\"@id\":\"http:\/\/www.pyjama-orangerie.com\/blog\/#website\"},\"datePublished\":\"2015-11-06T18:31:09+00:00\",\"dateModified\":\"2015-11-11T09:01:55+00:00\",\"author\":{\"@id\":\"http:\/\/www.pyjama-orangerie.com\/blog\/#\/schema\/person\/e2921251699001b3ad42292e619655c8\"},\"breadcrumb\":{\"@id\":\"https:\/\/www.pyjama-orangerie.com\/blog\/lesprit-orangerie\/produits\/la-collection-de-pyjamas-pere-fils.html#breadcrumb\"},\"inLanguage\":\"fr-FR\",\"potentialAction\":[{\"@type\":\"ReadAction\",\"target\":[\"https:\/\/www.pyjama-orangerie.com\/blog\/lesprit-orangerie\/produits\/la-collection-de-pyjamas-pere-fils.html\"]}]},{\"@type\":\"BreadcrumbList\",\"@id\":\"https:\/\/www.pyjama-orangerie.com\/blog\/lesprit-orangerie\/produits\/la-collection-de-pyjamas-pere-fils.html#breadcrumb\",\"itemListElement\":[{\"@type\":\"ListItem\",\"position\":1,\"name\":\"Accueil\",\"item\":\"http:\/\/www.pyjama-orangerie.com\/blog\"},{\"@type\":\"ListItem\",\"position\":2,\"name\":\"La collection de pyjamas P\u00e8re \/ Fils\"}]},{\"@type\":\"WebSite\",\"@id\":\"http:\/\/www.pyjama-orangerie.com\/blog\/#website\",\"url\":\"http:\/\/www.pyjama-orangerie.com\/blog\/\",\"name\":\"L&#039;orangerie\",\"description\":\"\",\"potentialAction\":[{\"@type\":\"SearchAction\",\"target\":{\"@type\":\"EntryPoint\",\"urlTemplate\":\"http:\/\/www.pyjama-orangerie.com\/blog\/?s={search_term_string}\"},\"query-input\":\"required name=search_term_string\"}],\"inLanguage\":\"fr-FR\"},{\"@type\":\"Person\",\"@id\":\"http:\/\/www.pyjama-orangerie.com\/blog\/#\/schema\/person\/e2921251699001b3ad42292e619655c8\",\"name\":\"orangerie\",\"image\":{\"@type\":\"ImageObject\",\"inLanguage\":\"fr-FR\",\"@id\":\"http:\/\/www.pyjama-orangerie.com\/blog\/#\/schema\/person\/image\/\",\"url\":\"https:\/\/secure.gravatar.com\/avatar\/06eb44a1ce31004a58aaaf981eed0ec9?s=96&d=mm&r=g\",\"contentUrl\":\"https:\/\/secure.gravatar.com\/avatar\/06eb44a1ce31004a58aaaf981eed0ec9?s=96&d=mm&r=g\",\"caption\":\"orangerie\"},\"url\":\"https:\/\/www.pyjama-orangerie.com\/blog\/author\/orangerie_edition\"}]}<\/script>\n<!-- \/ Yoast SEO plugin. -->","yoast_head_json":{"title":"Les produitsLa collection de pyjamas P\u00e8re \/ Fils - L&#039;orangerie","robots":{"index":"index","follow":"follow","max-snippet":"max-snippet:-1","max-image-preview":"max-image-preview:large","max-video-preview":"max-video-preview:-1"},"canonical":"https:\/\/www.pyjama-orangerie.com\/blog\/lesprit-orangerie\/produits\/la-collection-de-pyjamas-pere-fils.html","og_locale":"fr_FR","og_type":"article","og_title":"Les produitsLa collection de pyjamas P\u00e8re \/ Fils - L&#039;orangerie","og_description":"Historique de ces pyjamas Cette collection r\u00e9unit les mod\u00e8les de pyjamas identiques pour hommes et gar\u00e7ons. Cette demande venait \u00e0 l&rsquo;origine de notre r\u00e9seau d&rsquo;h\u00f4tesses lors des ventes \u00e0 domicile et devant le succ\u00e8s rencontr\u00e9 par ces produits, nous avons peu \u00e0 peu \u00e9largi la gamme&#8230; La gamme de pyjama homme et gar\u00e7on Pyjama long [&hellip;]","og_url":"https:\/\/www.pyjama-orangerie.com\/blog\/lesprit-orangerie\/produits\/la-collection-de-pyjamas-pere-fils.html","og_site_name":"L&#039;orangerie","article_publisher":"https:\/\/www.facebook.com\/pyjama.lorangerie","article_published_time":"2015-11-06T18:31:09+00:00","article_modified_time":"2015-11-11T09:01:55+00:00","author":"orangerie","twitter_misc":{"\u00c9crit par":"orangerie","Dur\u00e9e de lecture estim\u00e9e":"2 minutes"},"schema":{"@context":"https:\/\/schema.org","@graph":[{"@type":"WebPage","@id":"https:\/\/www.pyjama-orangerie.com\/blog\/lesprit-orangerie\/produits\/la-collection-de-pyjamas-pere-fils.html","url":"https:\/\/www.pyjama-orangerie.com\/blog\/lesprit-orangerie\/produits\/la-collection-de-pyjamas-pere-fils.html","name":"Les produitsLa collection de pyjamas P\u00e8re \/ Fils - L&#039;orangerie","isPartOf":{"@id":"http:\/\/www.pyjama-orangerie.com\/blog\/#website"},"datePublished":"2015-11-06T18:31:09+00:00","dateModified":"2015-11-11T09:01:55+00:00","author":{"@id":"http:\/\/www.pyjama-orangerie.com\/blog\/#\/schema\/person\/e2921251699001b3ad42292e619655c8"},"breadcrumb":{"@id":"https:\/\/www.pyjama-orangerie.com\/blog\/lesprit-orangerie\/produits\/la-collection-de-pyjamas-pere-fils.html#breadcrumb"},"inLanguage":"fr-FR","potentialAction":[{"@type":"ReadAction","target":["https:\/\/www.pyjama-orangerie.com\/blog\/lesprit-orangerie\/produits\/la-collection-de-pyjamas-pere-fils.html"]}]},{"@type":"BreadcrumbList","@id":"https:\/\/www.pyjama-orangerie.com\/blog\/lesprit-orangerie\/produits\/la-collection-de-pyjamas-pere-fils.html#breadcrumb","itemListElement":[{"@type":"ListItem","position":1,"name":"Accueil","item":"http:\/\/www.pyjama-orangerie.com\/blog"},{"@type":"ListItem","position":2,"name":"La collection de pyjamas P\u00e8re \/ Fils"}]},{"@type":"WebSite","@id":"http:\/\/www.pyjama-orangerie.com\/blog\/#website","url":"http:\/\/www.pyjama-orangerie.com\/blog\/","name":"L&#039;orangerie","description":"","potentialAction":[{"@type":"SearchAction","target":{"@type":"EntryPoint","urlTemplate":"http:\/\/www.pyjama-orangerie.com\/blog\/?s={search_term_string}"},"query-input":"required name=search_term_string"}],"inLanguage":"fr-FR"},{"@type":"Person","@id":"http:\/\/www.pyjama-orangerie.com\/blog\/#\/schema\/person\/e2921251699001b3ad42292e619655c8","name":"orangerie","image":{"@type":"ImageObject","inLanguage":"fr-FR","@id":"http:\/\/www.pyjama-orangerie.com\/blog\/#\/schema\/person\/image\/","url":"https:\/\/secure.gravatar.com\/avatar\/06eb44a1ce31004a58aaaf981eed0ec9?s=96&d=mm&r=g","contentUrl":"https:\/\/secure.gravatar.com\/avatar\/06eb44a1ce31004a58aaaf981eed0ec9?s=96&d=mm&r=g","caption":"orangerie"},"url":"https:\/\/www.pyjama-orangerie.com\/blog\/author\/orangerie_edition"}]}},"_links":{"self":[{"href":"https:\/\/www.pyjama-orangerie.com\/blog\/wp-json\/wp\/v2\/posts\/2667"}],"collection":[{"href":"https:\/\/www.pyjama-orangerie.com\/blog\/wp-json\/wp\/v2\/posts"}],"about":[{"href":"https:\/\/www.pyjama-orangerie.com\/blog\/wp-json\/wp\/v2\/types\/post"}],"author":[{"embeddable":true,"href":"https:\/\/www.pyjama-orangerie.com\/blog\/wp-json\/wp\/v2\/users\/2"}],"replies":[{"embeddable":true,"href":"https:\/\/www.pyjama-orangerie.com\/blog\/wp-json\/wp\/v2\/comments?post=2667"}],"version-history":[{"count":14,"href":"https:\/\/www.pyjama-orangerie.com\/blog\/wp-json\/wp\/v2\/posts\/2667\/revisions"}],"predecessor-version":[{"id":2688,"href":"https:\/\/www.pyjama-orangerie.com\/blog\/wp-json\/wp\/v2\/posts\/2667\/revisions\/2688"}],"wp:attachment":[{"href":"https:\/\/www.pyjama-orangerie.com\/blog\/wp-json\/wp\/v2\/media?parent=2667"}],"wp:term":[{"taxonomy":"category","embeddable":true,"href":"https:\/\/www.pyjama-orangerie.com\/blog\/wp-json\/wp\/v2\/categories?post=2667"},{"taxonomy":"post_tag","embeddable":true,"href":"https:\/\/www.pyjama-orangerie.com\/blog\/wp-json\/wp\/v2\/tags?post=2667"}],"curies":[{"name":"wp","href":"https:\/\/api.w.org\/{rel}","templated":true}]}}